{"id":512,"date":"2021-09-27T01:03:00","date_gmt":"2021-09-27T01:03:00","guid":{"rendered":"https:\/\/www.silentseniors.eu\/?p=512"},"modified":"2025-04-04T17:37:10","modified_gmt":"2025-04-04T17:37:10","slug":"kazatelia-strachu-sk","status":"publish","type":"post","link":"https:\/\/www.silentseniors.eu\/index.php\/2021\/09\/27\/kazatelia-strachu-sk\/","title":{"rendered":"Kazatelia strachu a zmaru, SK &#8230;"},"content":{"rendered":"\n<p><strong><em>Upozornenie: Pre m\u0148a (zatia\u013e) anonymn\u00fd\/\u00ed z\u00e1stupca\/ovia \u201eorganizovanej totality\u201c sa rozhodli, \u017ee odstr\u00e1nia niektor\u00e9 (moje) vide\u00e1 zo svojej platformy. Preto sa na tejto webovej str\u00e1nke nenach\u00e1dzaj\u00fa !!!<\/em><\/strong><\/p>\n\n\n\n<figure class=\"wp-block-embed is-type-video is-provider-youtube wp-block-embed-youtube wp-embed-aspect-16-9 wp-has-aspect-ratio\"><div class=\"wp-block-embed__wrapper\">\n<iframe loading=\"lazy\" title=\"Pavol \u010cekan: Je omikron hrozbou \u010di len hyst\u00e9riou?\" width=\"790\" height=\"444\" src=\"https:\/\/www.youtube.com\/embed\/qjTUJpkz2Bk?feature=oembed\" frameborder=\"0\" allow=\"accelerometer; autoplay; clipboard-write; encrypted-media; gyroscope; picture-in-picture\" allowfullscreen><\/iframe>\n<\/div><figcaption class=\"wp-element-caption\">Postoj TV &#8211; \u013dudov\u00fd pozorovate\u013e <\/figcaption><\/figure>\n\n\n\n<figure class=\"wp-block-embed is-type-video is-provider-youtube wp-block-embed-youtube wp-embed-aspect-16-9 wp-has-aspect-ratio\"><div class=\"wp-block-embed__wrapper\">\n<iframe loading=\"lazy\" title=\"Vedec \u010cekan: Delta je maximum \u010do m\u00f4\u017ee tento v\u00edrus dosiahnu\u0165\" width=\"790\" height=\"444\" src=\"https:\/\/www.youtube.com\/embed\/5-Ts9hqrZYw?feature=oembed\" frameborder=\"0\" allow=\"accelerometer; autoplay; clipboard-write; encrypted-media; gyroscope; picture-in-picture\" allowfullscreen><\/iframe>\n<\/div><figcaption class=\"wp-element-caption\">Denn\u00edk N &#8211; \u00dato\u010dn\u00edci<\/figcaption><\/figure>\n\n\n\n<figure class=\"wp-block-embed is-type-video is-provider-youtube wp-block-embed-youtube wp-embed-aspect-16-9 wp-has-aspect-ratio\"><div class=\"wp-block-embed__wrapper\">\n<iframe loading=\"lazy\" title=\"Koronavirus: Kedy sa re\u00e1lne skon\u010d\u00ed lockdown pre o\u010dkovan\u00fdch? N\u00e1silia na \u017een\u00e1ch neub\u00fada\" width=\"790\" height=\"444\" src=\"https:\/\/www.youtube.com\/embed\/ulqdGcDKXZI?feature=oembed\" frameborder=\"0\" allow=\"accelerometer; autoplay; clipboard-write; encrypted-media; gyroscope; picture-in-picture\" allowfullscreen><\/iframe>\n<\/div><figcaption class=\"wp-element-caption\"><a href=\"https:\/\/www.youtube.com\/channel\/UC2lCFhJIC4adt_oP1dwSOVg\">Aktuality.sk<\/a><\/figcaption><\/figure>\n\n\n\n<figure class=\"wp-block-embed is-type-video is-provider-youtube wp-block-embed-youtube wp-embed-aspect-16-9 wp-has-aspect-ratio\"><div class=\"wp-block-embed__wrapper\">\n<iframe loading=\"lazy\" title=\"Mikas hovor\u00ed o platn\u00fdch opatreniach\" width=\"790\" height=\"444\" src=\"https:\/\/www.youtube.com\/embed\/587oCf1Its0?start=5&#038;feature=oembed\" frameborder=\"0\" allow=\"accelerometer; autoplay; clipboard-write; encrypted-media; gyroscope; picture-in-picture\" allowfullscreen><\/iframe>\n<\/div><figcaption class=\"wp-element-caption\">HNtelev\u00edzia<\/figcaption><\/figure>\n\n\n\n<figure class=\"wp-block-embed is-type-video is-provider-youtube wp-block-embed-youtube wp-embed-aspect-16-9 wp-has-aspect-ratio\"><div class=\"wp-block-embed__wrapper\">\n<iframe loading=\"lazy\" title=\"Odborn\u00edci: Lockdown nie je cesta, zao\u010dkovanos\u0165 mus\u00edme zv\u00fd\u0161i\u0165 o 30 %\" width=\"790\" height=\"444\" src=\"https:\/\/www.youtube.com\/embed\/ckt-hOL_Iww?start=4&#038;feature=oembed\" frameborder=\"0\" allow=\"accelerometer; autoplay; clipboard-write; encrypted-media; gyroscope; picture-in-picture\" allowfullscreen><\/iframe>\n<\/div><figcaption class=\"wp-element-caption\">Pravda<\/figcaption><\/figure>\n\n\n\n<figure class=\"wp-block-embed is-type-video is-provider-youtube wp-block-embed-youtube wp-embed-aspect-16-9 wp-has-aspect-ratio\"><div class=\"wp-block-embed__wrapper\">\n<iframe loading=\"lazy\" title=\"V\u0161etko \u010do chcete vedie\u0165 o o\u010dkovan\u00ed: Lek\u00e1ri odpovedaj\u00fa na va\u0161e ot\u00e1zky\" width=\"790\" height=\"444\" src=\"https:\/\/www.youtube.com\/embed\/96uMetcfdYw?feature=oembed\" frameborder=\"0\" allow=\"accelerometer; autoplay; clipboard-write; encrypted-media; gyroscope; picture-in-picture\" allowfullscreen><\/iframe>\n<\/div><figcaption class=\"wp-element-caption\">Denn\u00edk N,\u00dato\u010dn\u00edci&#8230; <\/figcaption><\/figure>\n\n\n\n<figure class=\"wp-block-embed is-type-video is-provider-youtube wp-block-embed-youtube wp-embed-aspect-16-9 wp-has-aspect-ratio\"><div class=\"wp-block-embed__wrapper\">\n<iframe loading=\"lazy\" title=\"Pribehy zo slovensk\u00fdch nemocn\u00edc a ambulanci\u00ed  | Livestream Veda pom\u00e1ha - COVID-19\" width=\"790\" height=\"444\" src=\"https:\/\/www.youtube.com\/embed\/h8HWHuCGvKc?feature=oembed\" frameborder=\"0\" allow=\"accelerometer; autoplay; clipboard-write; encrypted-media; gyroscope; picture-in-picture\" allowfullscreen><\/iframe>\n<\/div><figcaption class=\"wp-element-caption\"><a href=\"https:\/\/www.youtube.com\/channel\/UCWrj2336rwX8mc6bHZP_9QA\">Veda pom\u00e1ha COVID-19<\/a><\/figcaption><\/figure>\n\n\n\n<figure class=\"wp-block-embed is-type-video is-provider-youtube wp-block-embed-youtube wp-embed-aspect-16-9 wp-has-aspect-ratio\"><div class=\"wp-block-embed__wrapper\">\n<iframe loading=\"lazy\" title=\"Kubek: Kolik lid\u00ed zem\u0159e, z\u00e1le\u017e\u00ed na politic\u00edch. Raku\u0161an\u016fm m\u016f\u017eeme odv\u00e1\u017enou vl\u00e1du z\u00e1vid\u011bt\" width=\"790\" height=\"444\" src=\"https:\/\/www.youtube.com\/embed\/kZxWz-cGVRA?feature=oembed\" frameborder=\"0\" allow=\"accelerometer; autoplay; clipboard-write; encrypted-media; gyroscope; picture-in-picture\" allowfullscreen><\/iframe>\n<\/div><figcaption class=\"wp-element-caption\"><a href=\"https:\/\/www.youtube.com\/channel\/UCuZYRKy64fg_eYYLKCEp5Zw\">CNN Prima NEWS<\/a><\/figcaption><\/figure>\n\n\n\n<figure class=\"wp-block-embed is-type-video is-provider-youtube wp-block-embed-youtube wp-embed-aspect-16-9 wp-has-aspect-ratio\"><div class=\"wp-block-embed__wrapper\">\n<iframe loading=\"lazy\" title=\"NA ROVINU o pand\u00e9mii covidu: R\u00fatime sa do humanit\u00e1rnej katastrofy ako v Kongu\" width=\"790\" height=\"444\" src=\"https:\/\/www.youtube.com\/embed\/MmjzUGyb-XI?feature=oembed\" frameborder=\"0\" allow=\"accelerometer; autoplay; clipboard-write; encrypted-media; gyroscope; picture-in-picture\" allowfullscreen><\/iframe>\n<\/div><figcaption class=\"wp-element-caption\"><a href=\"https:\/\/www.youtube.com\/channel\/UC2lCFhJIC4adt_oP1dwSOVg\">Aktuality.sk<\/a><\/figcaption><\/figure>\n\n\n\n<figure class=\"wp-block-embed is-type-video is-provider-youtube wp-block-embed-youtube wp-embed-aspect-16-9 wp-has-aspect-ratio\"><div class=\"wp-block-embed__wrapper\">\n<iframe loading=\"lazy\" title=\"Spoluautor o\u010dkovacej kampane: P\u00f4vodne sme si chceli do spotov zavola\u0165 Arnolda Schwarzeneggera\" width=\"790\" height=\"444\" src=\"https:\/\/www.youtube.com\/embed\/nI6d_gT2SGo?feature=oembed\" frameborder=\"0\" allow=\"accelerometer; autoplay; clipboard-write; encrypted-media; gyroscope; picture-in-picture\" allowfullscreen><\/iframe>\n<\/div><figcaption class=\"wp-element-caption\">Denn\u00edk N<\/figcaption><\/figure>\n\n\n\n<figure class=\"wp-block-embed is-type-video is-provider-youtube wp-block-embed-youtube wp-embed-aspect-16-9 wp-has-aspect-ratio\"><div class=\"wp-block-embed__wrapper\">\n<iframe loading=\"lazy\" title=\"Prymula: Situace je alarmuj\u00edc\u00ed, po\u010dty mrtv\u00fdch porostou. O\u010dkovan\u00ed n\u00e1m roznesli virus, tvrd\u00ed Pollert\" width=\"790\" height=\"444\" src=\"https:\/\/www.youtube.com\/embed\/UosCiG4R88o?feature=oembed\" frameborder=\"0\" allow=\"accelerometer; autoplay; clipboard-write; encrypted-media; gyroscope; picture-in-picture\" allowfullscreen><\/iframe>\n<\/div><figcaption class=\"wp-element-caption\"><a href=\"https:\/\/www.youtube.com\/channel\/UCuZYRKy64fg_eYYLKCEp5Zw\">CNN Prima NEWS<\/a><\/figcaption><\/figure>\n\n\n\n<figure class=\"wp-block-embed is-type-video is-provider-youtube wp-block-embed-youtube wp-embed-aspect-16-9 wp-has-aspect-ratio\"><div class=\"wp-block-embed__wrapper\">\n<iframe loading=\"lazy\" title=\"Newsfilter: Ve\u013ea \u013eud\u00ed zbyto\u010dne zomrie, lebo sme nepou\u010dite\u013en\u00e1 krajina pln\u00e1 nepou\u010dite\u013en\u00fdch obyvate\u013eov\" width=\"790\" height=\"444\" src=\"https:\/\/www.youtube.com\/embed\/IXd_wr9kWes?feature=oembed\" frameborder=\"0\" allow=\"accelerometer; autoplay; clipboard-write; encrypted-media; gyroscope; picture-in-picture\" allowfullscreen><\/iframe>\n<\/div><figcaption class=\"wp-element-caption\"><a href=\"https:\/\/www.youtube.com\/channel\/UCe_VgLz1y99hUF1q5ppQesA\">Denn\u00edk N<\/a><\/figcaption><\/figure>\n\n\n\n<figure class=\"wp-block-embed is-type-video is-provider-youtube wp-block-embed-youtube wp-embed-aspect-16-9 wp-has-aspect-ratio\"><div class=\"wp-block-embed__wrapper\">\n<iframe loading=\"lazy\" title=\"Lek\u00e1ri a zdravotn\u00edci po\u010das pand\u00e9mie | Diskusia Veda pom\u00e1ha - COVID-19\" width=\"790\" height=\"444\" src=\"https:\/\/www.youtube.com\/embed\/FS5jfMzPOJw?feature=oembed\" frameborder=\"0\" allow=\"accelerometer; autoplay; clipboard-write; encrypted-media; gyroscope; picture-in-picture\" allowfullscreen><\/iframe>\n<\/div><figcaption class=\"wp-element-caption\"><a href=\"https:\/\/www.youtube.com\/channel\/UCWrj2336rwX8mc6bHZP_9QA\">Veda pom\u00e1ha COVID-19<\/a><\/figcaption><\/figure>\n\n\n\n<figure class=\"wp-block-embed is-type-video is-provider-youtube wp-block-embed-youtube wp-embed-aspect-16-9 wp-has-aspect-ratio\"><div class=\"wp-block-embed__wrapper\">\n<iframe loading=\"lazy\" title=\"Od pondelka bud\u00fa oran\u017eov\u00e9 iba \u0161tyri okresy\" width=\"790\" height=\"444\" src=\"https:\/\/www.youtube.com\/embed\/eJnc9LXq37M?feature=oembed\" frameborder=\"0\" allow=\"accelerometer; autoplay; clipboard-write; encrypted-media; gyroscope; picture-in-picture\" allowfullscreen><\/iframe>\n<\/div><figcaption class=\"wp-element-caption\"><a href=\"https:\/\/www.youtube.com\/channel\/UCyda3-VrO_BezqwTrWSjtmw\">SME<\/a><\/figcaption><\/figure>\n\n\n\n<figure class=\"wp-block-embed is-type-video is-provider-youtube wp-block-embed-youtube wp-embed-aspect-16-9 wp-has-aspect-ratio\"><div class=\"wp-block-embed__wrapper\">\n<iframe loading=\"lazy\" title=\"Jakubec: DRZOS\u0164\u2757Jar\u010du\u0161ka poru\u0161il pr\u00edsne opatrenia a zab\u00e1val sa s Kandr\u00e1\u010dom. V\u00fdsmech n\u00e1rodu\u2757\" width=\"790\" height=\"444\" src=\"https:\/\/www.youtube.com\/embed\/dbZF4SKWclk?feature=oembed\" frameborder=\"0\" allow=\"accelerometer; autoplay; clipboard-write; encrypted-media; gyroscope; picture-in-picture\" allowfullscreen><\/iframe>\n<\/div><figcaption class=\"wp-element-caption\">MARTIN JAKUBEC &#8211; PRoSlovensko<\/figcaption><\/figure>\n\n\n\n<figure class=\"wp-block-embed is-type-video is-provider-youtube wp-block-embed-youtube wp-embed-aspect-16-9 wp-has-aspect-ratio\"><div class=\"wp-block-embed__wrapper\">\n<iframe loading=\"lazy\" title=\"\u010cierne okresy: o\u010dkovan\u00ed bez v\u00fdhod. Homo Vulgaris Matovi\u010d\" width=\"790\" height=\"444\" src=\"https:\/\/www.youtube.com\/embed\/De8-EiUNt6M?feature=oembed\" frameborder=\"0\" allow=\"accelerometer; autoplay; clipboard-write; encrypted-media; gyroscope; picture-in-picture\" allowfullscreen><\/iframe>\n<\/div><figcaption class=\"wp-element-caption\"><a href=\"https:\/\/www.youtube.com\/channel\/UC2lCFhJIC4adt_oP1dwSOVg\">Aktuality.sk<\/a><\/figcaption><\/figure>\n\n\n\n<figure class=\"wp-block-embed is-type-video is-provider-youtube wp-block-embed-youtube wp-embed-aspect-16-9 wp-has-aspect-ratio\"><div class=\"wp-block-embed__wrapper\">\n<iframe loading=\"lazy\" title=\"Newsfilter: Zabudnime na scen\u00e1r, \u017ee po Du\u0161i\u010dk\u00e1ch za\u010dne delta ustupova\u0165\" width=\"790\" height=\"444\" src=\"https:\/\/www.youtube.com\/embed\/6SsaLEvehxE?feature=oembed\" frameborder=\"0\" allow=\"accelerometer; autoplay; clipboard-write; encrypted-media; gyroscope; picture-in-picture\" allowfullscreen><\/iframe>\n<\/div><figcaption class=\"wp-element-caption\">Denn\u00edk N<\/figcaption><\/figure>\n\n\n\n<figure class=\"wp-block-embed is-type-video is-provider-youtube wp-block-embed-youtube wp-embed-aspect-16-9 wp-has-aspect-ratio\"><div class=\"wp-block-embed__wrapper\">\n<iframe loading=\"lazy\" title=\"Ak\u00e1 je a bude tretia pandemick\u00e1 vlna na Slovensku? | Diskusia Veda pom\u00e1ha - COVID-19\" width=\"790\" height=\"444\" src=\"https:\/\/www.youtube.com\/embed\/jJ5nrftph-I?feature=oembed\" frameborder=\"0\" allow=\"accelerometer; autoplay; clipboard-write; encrypted-media; gyroscope; picture-in-picture\" allowfullscreen><\/iframe>\n<\/div><figcaption class=\"wp-element-caption\"><a href=\"https:\/\/www.youtube.com\/channel\/UCWrj2336rwX8mc6bHZP_9QA\">Veda pom\u00e1ha COVID-19<\/a><\/figcaption><\/figure>\n\n\n\n<figure class=\"wp-block-embed is-type-video is-provider-youtube wp-block-embed-youtube wp-embed-aspect-16-9 wp-has-aspect-ratio\"><div class=\"wp-block-embed__wrapper\">\n<iframe loading=\"lazy\" title=\"Alternat\u00edvou o\u010dkovania je dosta\u0165 covid, hovor\u00ed slovensk\u00fd vedec Peter Celec\" width=\"790\" height=\"444\" src=\"https:\/\/www.youtube.com\/embed\/26BcQrhx6jU?feature=oembed\" frameborder=\"0\" allow=\"accelerometer; autoplay; clipboard-write; encrypted-media; gyroscope; picture-in-picture\" allowfullscreen><\/iframe>\n<\/div><figcaption class=\"wp-element-caption\">Aktuality.sk<\/figcaption><\/figure>\n\n\n\n<figure class=\"wp-block-embed is-type-video is-provider-youtube wp-block-embed-youtube wp-embed-aspect-16-9 wp-has-aspect-ratio\"><div class=\"wp-block-embed__wrapper\">\n<iframe loading=\"lazy\" title=\"Zdravotn\u00fd analytik Mi\u0161\u00edk: To najhor\u0161ie n\u00e1s \u010dak\u00e1\" width=\"790\" height=\"444\" src=\"https:\/\/www.youtube.com\/embed\/3bZ4GWBuPdI?feature=oembed\" frameborder=\"0\" allow=\"accelerometer; autoplay; clipboard-write; encrypted-media; gyroscope; picture-in-picture\" allowfullscreen><\/iframe>\n<\/div><figcaption class=\"wp-element-caption\">Denn\u00edk N<\/figcaption><\/figure>\n\n\n\n<figure class=\"wp-block-embed is-type-video is-provider-youtube wp-block-embed-youtube wp-embed-aspect-16-9 wp-has-aspect-ratio\"><div class=\"wp-block-embed__wrapper\">\n<iframe loading=\"lazy\" title=\"Epidemiologi\u010dka Bra\u017einov\u00e1: Diskusiu s &quot;odborn\u00edkmi&quot; proti o\u010dkovaniu som odmietla\" width=\"790\" height=\"444\" src=\"https:\/\/www.youtube.com\/embed\/6waGXLaFvTk?feature=oembed\" frameborder=\"0\" allow=\"accelerometer; autoplay; clipboard-write; encrypted-media; gyroscope; picture-in-picture\" allowfullscreen><\/iframe>\n<\/div><figcaption class=\"wp-element-caption\"><a href=\"https:\/\/www.youtube.com\/channel\/UCyda3-VrO_BezqwTrWSjtmw\">SME<\/a><\/figcaption><\/figure>\n\n\n\n<figure class=\"wp-block-embed is-type-video is-provider-youtube wp-block-embed-youtube wp-embed-aspect-16-9 wp-has-aspect-ratio\"><div class=\"wp-block-embed__wrapper\">\n<iframe loading=\"lazy\" title=\"Matyinko z Maduaru: Lek\u00e1rov platia farma firmy, m\u00f4\u017eu by\u0165 aj dve pravdy\" width=\"790\" height=\"444\" src=\"https:\/\/www.youtube.com\/embed\/CIqHKVemXgk?feature=oembed\" frameborder=\"0\" allow=\"accelerometer; autoplay; clipboard-write; encrypted-media; gyroscope; picture-in-picture\" allowfullscreen><\/iframe>\n<\/div><figcaption class=\"wp-element-caption\"><a href=\"https:\/\/www.youtube.com\/channel\/UCyda3-VrO_BezqwTrWSjtmw\">SME<\/a><\/figcaption><\/figure>\n\n\n\n<figure class=\"wp-block-embed is-type-video is-provider-youtube wp-block-embed-youtube wp-embed-aspect-16-9 wp-has-aspect-ratio\"><div class=\"wp-block-embed__wrapper\">\n<iframe loading=\"lazy\" title=\"Vedec: Ak lek\u00e1r bojuje proti vakcin\u00e1cii, zrejme aj zle lie\u010di vo svojom odbore\" width=\"790\" height=\"444\" src=\"https:\/\/www.youtube.com\/embed\/H9X3uWIpWH8?feature=oembed\" frameborder=\"0\" allow=\"accelerometer; autoplay; clipboard-write; encrypted-media; gyroscope; picture-in-picture\" allowfullscreen><\/iframe>\n<\/div><figcaption class=\"wp-element-caption\">SME<\/figcaption><\/figure>\n\n\n\n<figure class=\"wp-block-embed is-type-video is-provider-youtube wp-block-embed-youtube wp-embed-aspect-16-9 wp-has-aspect-ratio\"><div class=\"wp-block-embed__wrapper\">\n<iframe loading=\"lazy\" title=\"Policajn\u00fd pes odmietal \u00fato\u010di\u0165 a za\u010dal hr\u00fdz\u0165 policajtov\" width=\"790\" height=\"444\" src=\"https:\/\/www.youtube.com\/embed\/NAwp6oM8YH8?start=1&#038;feature=oembed\" frameborder=\"0\" allow=\"accelerometer; autoplay; clipboard-write; encrypted-media; gyroscope; picture-in-picture\" allowfullscreen><\/iframe>\n<\/div><figcaption class=\"wp-element-caption\"><a href=\"https:\/\/www.youtube.com\/channel\/UCcFJm_uGJUOnWzJ1xljolyQ\">M\u00e1rio Vid\u00e1k<\/a><\/figcaption><\/figure>\n\n\n\n<p><em><strong>Brut\u00e1lny a protipr\u00e1vny z\u00e1sah policajtov proti ob\u010danovi s barlou (invalidovi?) v Prievidzi na Slovensku<\/strong> :<\/em> <a href=\"https:\/\/www.facebook.com\/harabinstefan\/videos\/322278119700828\/?t=4\">https:\/\/www.facebook.com\/harabinstefan\/videos\/322278119700828\/?t=4<\/a><\/p>\n\n\n\n<figure class=\"wp-block-embed is-type-video is-provider-youtube wp-block-embed-youtube wp-embed-aspect-16-9 wp-has-aspect-ratio\"><div class=\"wp-block-embed__wrapper\">\n<iframe loading=\"lazy\" title=\"Profesor Kr\u010dm\u00e9ry: Sme v tretej epid\u00e9mii, preto sa vraciam do boja\" width=\"790\" height=\"444\" src=\"https:\/\/www.youtube.com\/embed\/zoPWuJGUx2I?feature=oembed\" frameborder=\"0\" allow=\"accelerometer; autoplay; clipboard-write; encrypted-media; gyroscope; picture-in-picture\" allowfullscreen><\/iframe>\n<\/div><figcaption class=\"wp-element-caption\">POSTOJ TV<\/figcaption><\/figure>\n\n\n\n<figure class=\"wp-block-embed is-type-video is-provider-youtube wp-block-embed-youtube wp-embed-aspect-16-9 wp-has-aspect-ratio\"><div class=\"wp-block-embed__wrapper\">\n<iframe loading=\"lazy\" title=\"Prosyst\u00e9mov\u00fd lek\u00e1r Sabaka ba\u017e\u00ed po peniazoch. Od Uhr\u00edka a Mazureka p\u00fdta desa\u0165tis\u00edce eur\" width=\"790\" height=\"444\" src=\"https:\/\/www.youtube.com\/embed\/WzC6uLF1hXQ?feature=oembed\" frameborder=\"0\" allow=\"accelerometer; autoplay; clipboard-write; encrypted-media; gyroscope; picture-in-picture\" allowfullscreen><\/iframe>\n<\/div><figcaption class=\"wp-element-caption\">Milan Uhr\u00edk<\/figcaption><\/figure>\n\n\n\n<figure class=\"wp-block-embed is-type-video is-provider-youtube wp-block-embed-youtube wp-embed-aspect-16-9 wp-has-aspect-ratio\"><div class=\"wp-block-embed__wrapper\">\n<iframe loading=\"lazy\" title=\"Pand\u00e9mia: Kocky s\u00fa hoden\u00e9. \u010co n\u00e1s \u010dak\u00e1 v bud\u00facom roku?\" width=\"790\" height=\"444\" src=\"https:\/\/www.youtube.com\/embed\/RsMxyjwb6eY?feature=oembed\" frameborder=\"0\" allow=\"accelerometer; autoplay; clipboard-write; encrypted-media; gyroscope; picture-in-picture\" allowfullscreen><\/iframe>\n<\/div><figcaption class=\"wp-element-caption\">Autor: SME<\/figcaption><\/figure>\n\n\n\n<figure class=\"wp-block-embed is-type-video is-provider-youtube wp-block-embed-youtube wp-embed-aspect-16-9 wp-has-aspect-ratio\"><div class=\"wp-block-embed__wrapper\">\n<iframe loading=\"lazy\" title=\"Matyinko z Maduaru: Lek\u00e1rov platia farma firmy, m\u00f4\u017eu by\u0165 aj dve pravdy\" width=\"790\" height=\"444\" src=\"https:\/\/www.youtube.com\/embed\/CIqHKVemXgk?feature=oembed\" frameborder=\"0\" allow=\"accelerometer; autoplay; clipboard-write; encrypted-media; gyroscope; picture-in-picture\" allowfullscreen><\/iframe>\n<\/div><figcaption class=\"wp-element-caption\">Autor: SME<\/figcaption><\/figure>\n\n\n\n<figure class=\"wp-block-embed is-type-video is-provider-youtube wp-block-embed-youtube wp-embed-aspect-16-9 wp-has-aspect-ratio\"><div class=\"wp-block-embed__wrapper\">\n<iframe loading=\"lazy\" title=\"COVID PASS je cesta k norm\u00e1lnemu \u017eivotu 2\" width=\"790\" height=\"444\" src=\"https:\/\/www.youtube.com\/embed\/buOH7vwQzqg?feature=oembed\" frameborder=\"0\" allow=\"accelerometer; autoplay; clipboard-write; encrypted-media; gyroscope; picture-in-picture\" allowfullscreen><\/iframe>\n<\/div><figcaption class=\"wp-element-caption\">Autor: Lucia \u010euri\u0161 Nicholsonov\u00e1 MEP<\/figcaption><\/figure>\n\n\n\n<figure class=\"wp-block-embed is-type-video is-provider-youtube wp-block-embed-youtube wp-embed-aspect-16-9 wp-has-aspect-ratio\"><div class=\"wp-block-embed__wrapper\">\n<iframe loading=\"lazy\" title=\"Minister Matovi\u010d: Chcem u\u017e \u017ei\u0165 jednoduch\u00fd \u017eivot\" width=\"790\" height=\"444\" src=\"https:\/\/www.youtube.com\/embed\/bkS5SOkJUxQ?feature=oembed\" frameborder=\"0\" allow=\"accelerometer; autoplay; clipboard-write; encrypted-media; gyroscope; picture-in-picture\" allowfullscreen><\/iframe>\n<\/div><figcaption class=\"wp-element-caption\">Autor: Denn\u00edk N <\/figcaption><\/figure>\n\n\n\n<figure class=\"wp-block-embed is-type-video is-provider-youtube wp-block-embed-youtube wp-embed-aspect-16-9 wp-has-aspect-ratio\"><div class=\"wp-block-embed__wrapper\">\n<iframe loading=\"lazy\" title=\"Predn\u00e1\u0161ka: Prof. MUDr. Vladim\u00edr Kr\u010dm\u00e9ry DrSc., H\u00e1lkove lek\u00e1rske dni\" width=\"790\" height=\"444\" src=\"https:\/\/www.youtube.com\/embed\/wWB9P6pPb1w?feature=oembed\" frameborder=\"0\" allow=\"accelerometer; autoplay; clipboard-write; encrypted-media; gyroscope; picture-in-picture\" allowfullscreen><\/iframe>\n<\/div><figcaption class=\"wp-element-caption\">Autor: MY Noviny<\/figcaption><\/figure>\n\n\n\n<figure class=\"wp-block-embed is-type-video is-provider-youtube wp-block-embed-youtube wp-embed-aspect-16-9 wp-has-aspect-ratio\"><div class=\"wp-block-embed__wrapper\">\n<iframe loading=\"lazy\" title=\"Tretia vlna nezni\u010d\u00ed na\u0161e zdravotn\u00edctvo, zni\u010d\u00ed n\u00e1s ako spolo\u010dnos\u0165, varuje vedec \u010cekan\" width=\"790\" height=\"444\" src=\"https:\/\/www.youtube.com\/embed\/bnuwK-4jgwE?feature=oembed\" frameborder=\"0\" allow=\"accelerometer; autoplay; clipboard-write; encrypted-media; gyroscope; picture-in-picture\" allowfullscreen><\/iframe>\n<\/div><figcaption class=\"wp-element-caption\">Autor: Aktuality.sk<\/figcaption><\/figure>\n\n\n\n<figure class=\"wp-block-embed is-type-video is-provider-youtube wp-block-embed-youtube wp-embed-aspect-16-9 wp-has-aspect-ratio\"><div class=\"wp-block-embed__wrapper\">\n<iframe loading=\"lazy\" title=\"Na Telo: Nepravdiv\u00e9 inform\u00e1cie slovensk\u00fdch &quot;odborn\u00edkov&quot;\" width=\"790\" height=\"444\" src=\"https:\/\/www.youtube.com\/embed\/VEIXyvHY22E?feature=oembed\" frameborder=\"0\" allow=\"accelerometer; autoplay; clipboard-write; encrypted-media; gyroscope; picture-in-picture\" allowfullscreen><\/iframe>\n<\/div><figcaption class=\"wp-element-caption\">Autor: Aladandy<\/figcaption><\/figure>\n\n\n\n<figure class=\"wp-block-embed is-type-video is-provider-youtube wp-block-embed-youtube wp-embed-aspect-16-9 wp-has-aspect-ratio\"><div class=\"wp-block-embed__wrapper\">\n<iframe loading=\"lazy\" title=\"Peter Visolajsk\u00fd - Najv\u00e4\u010d\u0161ou zbra\u0148ou proti pand\u00e9mii je zodpovedn\u00e9 dodr\u017eiavanie opatren\u00ed\" width=\"790\" height=\"444\" src=\"https:\/\/www.youtube.com\/embed\/dlTj6hfP3X8?feature=oembed\" frameborder=\"0\" allow=\"accelerometer; autoplay; clipboard-write; encrypted-media; gyroscope; picture-in-picture\" allowfullscreen><\/iframe>\n<\/div><figcaption class=\"wp-element-caption\">Autor: Bra\u0148o Z\u00e1vodsk\u00fd Na\u017eivo<\/figcaption><\/figure>\n\n\n\n<figure class=\"wp-block-embed is-type-video is-provider-youtube wp-block-embed-youtube wp-embed-aspect-16-9 wp-has-aspect-ratio\"><div class=\"wp-block-embed__wrapper\">\n<iframe loading=\"lazy\" title=\"Lucia D\u030curis\u030c Nicholsonova\u0301 15 September 2021 plenary speech on COVID 19 pandemic\" width=\"790\" height=\"444\" src=\"https:\/\/www.youtube.com\/embed\/w66bSUt4mGI?feature=oembed\" frameborder=\"0\" allow=\"accelerometer; autoplay; clipboard-write; encrypted-media; gyroscope; picture-in-picture\" allowfullscreen><\/iframe>\n<\/div><figcaption class=\"wp-element-caption\">Autor: Renew Europe (English)<\/figcaption><\/figure>\n\n\n\n<figure class=\"wp-block-embed is-type-video is-provider-youtube wp-block-embed-youtube wp-embed-aspect-16-9 wp-has-aspect-ratio\"><div class=\"wp-block-embed__wrapper\">\n<iframe loading=\"lazy\" title=\"Diskusia pred z\u00e1kazom vych\u00e1dzania: O vakc\u00edne, novej knihe a konci pand\u00e9mie\" width=\"790\" height=\"444\" src=\"https:\/\/www.youtube.com\/embed\/xRgqloEtUjs?feature=oembed\" frameborder=\"0\" allow=\"accelerometer; autoplay; clipboard-write; encrypted-media; gyroscope; picture-in-picture\" allowfullscreen><\/iframe>\n<\/div><figcaption class=\"wp-element-caption\">Autor: t\u00fd\u017ede\u0148<\/figcaption><\/figure>\n\n\n\n<figure class=\"wp-block-embed is-type-video is-provider-youtube wp-block-embed-youtube wp-embed-aspect-16-9 wp-has-aspect-ratio\"><div class=\"wp-block-embed__wrapper\">\n<iframe loading=\"lazy\" title=\"Slov\u00e1ci dostan\u00fa Eur\u00f3pske platy! Belgi\u010danka Lucia \u010e. Nicholsonov\u00e1 #md13x25\" width=\"790\" height=\"444\" src=\"https:\/\/www.youtube.com\/embed\/FTFb4oqpn-g?feature=oembed\" frameborder=\"0\" allow=\"accelerometer; autoplay; clipboard-write; encrypted-media; gyroscope; picture-in-picture\" allowfullscreen><\/iframe>\n<\/div><figcaption class=\"wp-element-caption\">Autor: Martin Da\u0148o<\/figcaption><\/figure>\n\n\n\n<figure class=\"wp-block-embed is-type-video is-provider-youtube wp-block-embed-youtube wp-embed-aspect-4-3 wp-has-aspect-ratio\"><div class=\"wp-block-embed__wrapper\">\n<iframe loading=\"lazy\" title=\"O DELTA variante s prof. Pavlom Jar\u010du\u0161kom | PODCAST UNLP\" width=\"790\" height=\"593\" src=\"https:\/\/www.youtube.com\/embed\/SOH8mbKCLIc?feature=oembed\" frameborder=\"0\" allow=\"accelerometer; autoplay; clipboard-write; encrypted-media; gyroscope; picture-in-picture\" allowfullscreen><\/iframe>\n<\/div><figcaption class=\"wp-element-caption\">Autor: UNLP Ko\u0161ice<\/figcaption><\/figure>\n\n\n\n<figure class=\"wp-block-embed is-type-video is-provider-youtube wp-block-embed-youtube wp-embed-aspect-16-9 wp-has-aspect-ratio\"><div class=\"wp-block-embed__wrapper\">\n<iframe loading=\"lazy\" title=\"Ministerka Kol\u00edkov\u00e1 a minister Lengvarsk\u00fd o rozohodnut\u00ed \u00dastavn\u00e9ho s\u00fadu\" width=\"790\" height=\"444\" src=\"https:\/\/www.youtube.com\/embed\/36Ci7NbuixE?feature=oembed\" frameborder=\"0\" allow=\"accelerometer; autoplay; clipboard-write; encrypted-media; gyroscope; picture-in-picture\" allowfullscreen><\/iframe>\n<\/div><figcaption class=\"wp-element-caption\">Autor: Aktuality.sk<\/figcaption><\/figure>\n\n\n\n<figure class=\"wp-block-embed is-type-video is-provider-youtube wp-block-embed-youtube wp-embed-aspect-16-9 wp-has-aspect-ratio\"><div class=\"wp-block-embed__wrapper\">\n<iframe loading=\"lazy\" title=\"Gener\u00e1lny prokur\u00e1tor \u017dilinka: Mikasove vyhl\u00e1\u0161ky s\u00fa PROTIZ\u00c1KONN\u00c9!\" width=\"790\" height=\"444\" src=\"https:\/\/www.youtube.com\/embed\/Rc8ENXVqzI4?feature=oembed\" frameborder=\"0\" allow=\"accelerometer; autoplay; clipboard-write; encrypted-media; gyroscope; picture-in-picture\" allowfullscreen><\/iframe>\n<\/div><figcaption class=\"wp-element-caption\">Autor: Politika na Slovensku<\/figcaption><\/figure>\n\n\n\n<figure class=\"wp-block-embed is-type-video is-provider-youtube wp-block-embed-youtube wp-embed-aspect-16-9 wp-has-aspect-ratio\"><div class=\"wp-block-embed__wrapper\">\n<iframe loading=\"lazy\" title=\"Minister zdravotn\u00edctva Eduard Heger, hlavn\u00fd hygienik SR J\u00e1n Mikas spolu s \u010dlenmi Konz\u00edlia odborn\u00edkov\" width=\"790\" height=\"444\" src=\"https:\/\/www.youtube.com\/embed\/yLERXJ2amOI?feature=oembed\" frameborder=\"0\" allow=\"accelerometer; autoplay; clipboard-write; encrypted-media; gyroscope; picture-in-picture\" allowfullscreen><\/iframe>\n<\/div><figcaption class=\"wp-element-caption\">Autor: Netky Redakcia<\/figcaption><\/figure>\n\n\n\n<figure class=\"wp-block-embed is-type-video is-provider-youtube wp-block-embed-youtube wp-embed-aspect-16-9 wp-has-aspect-ratio\"><div class=\"wp-block-embed__wrapper\">\n<iframe loading=\"lazy\" title=\"15 min\u00fat zostrih l\u017e\u00ed, polopr\u00e1vd a n\u00e1zorov\u00fdch obratov &quot;profesora&quot; Kr\u010dm\u00e9ryho 2020\/2021\" width=\"790\" height=\"444\" src=\"https:\/\/www.youtube.com\/embed\/9BaUAhI3uTU?feature=oembed\" frameborder=\"0\" allow=\"accelerometer; autoplay; clipboard-write; encrypted-media; gyroscope; picture-in-picture\" allowfullscreen><\/iframe>\n<\/div><figcaption class=\"wp-element-caption\">Autor: Levicke Hovado<\/figcaption><\/figure>\n\n\n\n<figure class=\"wp-block-embed is-type-video is-provider-youtube wp-block-embed-youtube wp-embed-aspect-16-9 wp-has-aspect-ratio\"><div class=\"wp-block-embed__wrapper\">\n<iframe loading=\"lazy\" title=\"Na Slovensku sa za\u010dalo s o\u010dkovan\u00edm proti Covidu, prv\u00fdm bol profesor Kr\u010dm\u00e9ry\" width=\"790\" height=\"444\" src=\"https:\/\/www.youtube.com\/embed\/bX610k4whbA?feature=oembed\" frameborder=\"0\" allow=\"accelerometer; autoplay; clipboard-write; encrypted-media; gyroscope; picture-in-picture\" allowfullscreen><\/iframe>\n<\/div><figcaption class=\"wp-element-caption\">Autor: Politikum<\/figcaption><\/figure>\n\n\n\n<figure class=\"wp-block-embed is-type-video is-provider-youtube wp-block-embed-youtube wp-embed-aspect-16-9 wp-has-aspect-ratio\"><div class=\"wp-block-embed__wrapper\">\n<iframe loading=\"lazy\" title=\"Online debata o \u017een\u00e1ch na \u010dele boja proti pand\u00e9mii COVID-19\" width=\"790\" height=\"444\" src=\"https:\/\/www.youtube.com\/embed\/lkR_Jg4G9XE?feature=oembed\" frameborder=\"0\" allow=\"accelerometer; autoplay; clipboard-write; encrypted-media; gyroscope; picture-in-picture\" allowfullscreen><\/iframe>\n<\/div><figcaption class=\"wp-element-caption\">Autor: Eur\u00f3psky parlament &#8211; Kancel\u00e1ria na Slovensku<\/figcaption><\/figure>\n\n\n\n<figure class=\"wp-block-embed is-type-video is-provider-youtube wp-block-embed-youtube wp-embed-aspect-16-9 wp-has-aspect-ratio\"><div class=\"wp-block-embed__wrapper\">\n<iframe loading=\"lazy\" title=\"J\u00e1n Mikas - Z oboch protipandemick\u00fdch pl\u00e1nov vyberie konz\u00edlium to najlep\u0161ie\" width=\"790\" height=\"444\" src=\"https:\/\/www.youtube.com\/embed\/FUBSQEyKy7c?feature=oembed\" frameborder=\"0\" allow=\"accelerometer; autoplay; clipboard-write; encrypted-media; gyroscope; picture-in-picture\" allowfullscreen><\/iframe>\n<\/div><figcaption class=\"wp-element-caption\">Autor: Bra\u0148o Z\u00e1vodsk\u00fd Na\u017eivo<\/figcaption><\/figure>\n\n\n\n<figure class=\"wp-block-embed is-type-video is-provider-youtube wp-block-embed-youtube wp-embed-aspect-16-9 wp-has-aspect-ratio\"><div class=\"wp-block-embed__wrapper\">\n<iframe loading=\"lazy\" title=\"Dobrovo\u013ene nasilu o\u010dkovanie na slovensku  - Matovi\u010d, \u010cekan a inform\u00e1cie o vakc\u00ednach\" width=\"790\" height=\"444\" src=\"https:\/\/www.youtube.com\/embed\/NaqQXpgZJiY?feature=oembed\" frameborder=\"0\" allow=\"accelerometer; autoplay; clipboard-write; encrypted-media; gyroscope; picture-in-picture\" allowfullscreen><\/iframe>\n<\/div><figcaption class=\"wp-element-caption\">Autor: INFORM\u00c1TOR &#8211; pribl\u00ed\u017ei\u0165 sa k pravde II.<\/figcaption><\/figure>\n\n\n\n<figure class=\"wp-block-embed is-type-video is-provider-youtube wp-block-embed-youtube wp-embed-aspect-16-9 wp-has-aspect-ratio\"><div class=\"wp-block-embed__wrapper\">\n<iframe loading=\"lazy\" title=\"PRE\u010cO LOCKDOWN NA SLOVENSKU NEFUNGUJE?\" width=\"790\" height=\"444\" src=\"https:\/\/www.youtube.com\/embed\/calom7Zrr74?feature=oembed\" frameborder=\"0\" allow=\"accelerometer; autoplay; clipboard-write; encrypted-media; gyroscope; picture-in-picture\" allowfullscreen><\/iframe>\n<\/div><figcaption class=\"wp-element-caption\">Autor: Lucia \u010euri\u0161 Nicholsonov\u00e1 MEP<\/figcaption><\/figure>\n\n\n\n<figure class=\"wp-block-embed is-type-video is-provider-youtube wp-block-embed-youtube wp-embed-aspect-16-9 wp-has-aspect-ratio\"><div class=\"wp-block-embed__wrapper\">\n<iframe loading=\"lazy\" title=\"NA ROVINU s Vladim\u00edrom Kr\u010dm\u00e9rym: Vyhr\u00e1\u017eali sa mi smr\u0165ou, moja rodina chcela emigrova\u0165\" width=\"790\" height=\"444\" src=\"https:\/\/www.youtube.com\/embed\/A6fYIAStAXU?feature=oembed\" frameborder=\"0\" allow=\"accelerometer; autoplay; clipboard-write; encrypted-media; gyroscope; picture-in-picture\" allowfullscreen><\/iframe>\n<\/div><figcaption class=\"wp-element-caption\">Autor: Aktuality.sk<\/figcaption><\/figure>\n\n\n\n<figure class=\"wp-block-embed is-type-video is-provider-youtube wp-block-embed-youtube wp-embed-aspect-16-9 wp-has-aspect-ratio\"><div class=\"wp-block-embed__wrapper\">\n<iframe loading=\"lazy\" title=\"V. Kr\u010dm\u00e9ry popiera v\u0161etky tvrdenia o ne\u017eiad\u00facich \u00fa\u010dinkoch vakcin\u00e1cie\" width=\"790\" height=\"444\" src=\"https:\/\/www.youtube.com\/embed\/y_42XkiPYt8?feature=oembed\" frameborder=\"0\" allow=\"accelerometer; autoplay; clipboard-write; encrypted-media; gyroscope; picture-in-picture\" allowfullscreen><\/iframe>\n<\/div><figcaption class=\"wp-element-caption\">Autor: Politika na Slovensku<\/figcaption><\/figure>\n\n\n\n<figure class=\"wp-block-embed is-type-video is-provider-youtube wp-block-embed-youtube wp-embed-aspect-16-9 wp-has-aspect-ratio\"><div class=\"wp-block-embed__wrapper\">\n<iframe loading=\"lazy\" title=\"Pod ko\u017eu - O koronav\u00edruse s prim\u00e1torom Jaroslavom Pola\u010dekom a infektol\u00f3gom Pavlom Jar\u010du\u0161kom\" width=\"790\" height=\"444\" src=\"https:\/\/www.youtube.com\/embed\/Lbp8ArpYgWg?feature=oembed\" frameborder=\"0\" allow=\"accelerometer; autoplay; clipboard-write; encrypted-media; gyroscope; picture-in-picture\" allowfullscreen><\/iframe>\n<\/div><figcaption class=\"wp-element-caption\">Autor: Ko\u0161ice Dnes<\/figcaption><\/figure>\n\n\n\n<figure class=\"wp-block-embed is-type-video is-provider-youtube wp-block-embed-youtube wp-embed-aspect-16-9 wp-has-aspect-ratio\"><div class=\"wp-block-embed__wrapper\">\n<iframe loading=\"lazy\" title=\"Vedci Alexandra Bra\u017einov\u00e1 a Pavol Jar\u010du\u0161ka varuj\u00fa pred mut\u00e1ciami, ktor\u00e9 m\u00f4\u017eu situ\u00e1ciu zhor\u0161i\u0165\" width=\"790\" height=\"444\" src=\"https:\/\/www.youtube.com\/embed\/cjfab5DsNIs?feature=oembed\" frameborder=\"0\" allow=\"accelerometer; autoplay; clipboard-write; encrypted-media; gyroscope; picture-in-picture\" allowfullscreen><\/iframe>\n<\/div><figcaption class=\"wp-element-caption\">Autor: Bra\u0148o Z\u00e1vodsk\u00fd Na\u017eivo<\/figcaption><\/figure>\n\n\n\n<figure class=\"wp-block-embed is-type-video is-provider-youtube wp-block-embed-youtube wp-embed-aspect-16-9 wp-has-aspect-ratio\"><div class=\"wp-block-embed__wrapper\">\n<iframe loading=\"lazy\" title=\"Lek\u00e1r Sabaka: Deti bud\u00fa najviac ohrozen\u00e9 koronav\u00edrusom, m\u00f4\u017ee to vies\u0165 k zatv\u00e1raniu \u0161k\u00f4l\" width=\"790\" height=\"444\" src=\"https:\/\/www.youtube.com\/embed\/GaPO_dxZEdA?feature=oembed\" frameborder=\"0\" allow=\"accelerometer; autoplay; clipboard-write; encrypted-media; gyroscope; picture-in-picture\" allowfullscreen><\/iframe>\n<\/div><figcaption class=\"wp-element-caption\">Autor: Denn\u00edk N<\/figcaption><\/figure>\n\n\n\n<figure class=\"wp-block-embed is-type-video is-provider-youtube wp-block-embed-youtube wp-embed-aspect-16-9 wp-has-aspect-ratio\"><div class=\"wp-block-embed__wrapper\">\n<iframe loading=\"lazy\" title=\"Vedec Pavol \u010cekan: Ak n\u00e1s \u0161t\u00e1t bude vyh\u00e1\u0148a\u0165, odchodu sa nebr\u00e1nim\" width=\"790\" height=\"444\" src=\"https:\/\/www.youtube.com\/embed\/XqP5N3J9H-Q?feature=oembed\" frameborder=\"0\" allow=\"accelerometer; autoplay; clipboard-write; encrypted-media; gyroscope; picture-in-picture\" allowfullscreen><\/iframe>\n<\/div><figcaption class=\"wp-element-caption\">Autor: SME<\/figcaption><\/figure>\n\n\n\n<figure class=\"wp-block-embed is-type-video is-provider-youtube wp-block-embed-youtube wp-embed-aspect-16-9 wp-has-aspect-ratio\"><div class=\"wp-block-embed__wrapper\">\n<iframe loading=\"lazy\" title=\"Kr\u010dm\u00e9ry - Koronav\u00edrus zvl\u00e1dneme\" width=\"790\" height=\"444\" src=\"https:\/\/www.youtube.com\/embed\/pHfVRNHvwmw?feature=oembed\" frameborder=\"0\" allow=\"accelerometer; autoplay; clipboard-write; encrypted-media; gyroscope; picture-in-picture\" allowfullscreen><\/iframe>\n<\/div><\/figure>\n\n\n\n<figure class=\"wp-block-embed is-type-video is-provider-youtube wp-block-embed-youtube wp-embed-aspect-16-9 wp-has-aspect-ratio\"><div class=\"wp-block-embed__wrapper\">\n<iframe loading=\"lazy\" title=\"Prof. MUDr. Vladim\u00edr Kr\u010dm\u00e9ry DrSc. o o\u010dkovan\u00ed\" width=\"790\" height=\"444\" src=\"https:\/\/www.youtube.com\/embed\/zogzmk0rqRk?feature=oembed\" frameborder=\"0\" allow=\"accelerometer; autoplay; clipboard-write; encrypted-media; gyroscope; picture-in-picture\" allowfullscreen><\/iframe>\n<\/div><figcaption class=\"wp-element-caption\">Autor: \u017densk\u00fd Web<\/figcaption><\/figure>\n\n\n\n<figure class=\"wp-block-embed is-type-video is-provider-youtube wp-block-embed-youtube wp-embed-aspect-16-9 wp-has-aspect-ratio\"><div class=\"wp-block-embed__wrapper\">\n<iframe loading=\"lazy\" title=\"Profesor Vladim\u00edr Kr\u010dm\u00e9ry: M\u00e1me tu nov\u00fa pand\u00e9miu, no m\u00e1me na \u0148u n\u00e1stroje\" width=\"790\" height=\"444\" src=\"https:\/\/www.youtube.com\/embed\/pvmYuqWD2ls?feature=oembed\" frameborder=\"0\" allow=\"accelerometer; autoplay; clipboard-write; encrypted-media; gyroscope; picture-in-picture\" allowfullscreen><\/iframe>\n<\/div><figcaption class=\"wp-element-caption\">Autor: \u017densk\u00fd web<\/figcaption><\/figure>\n\n\n\n<figure class=\"wp-block-embed is-type-video is-provider-youtube wp-block-embed-youtube wp-embed-aspect-16-9 wp-has-aspect-ratio\"><div class=\"wp-block-embed__wrapper\">\n<iframe loading=\"lazy\" title=\"L. Nicholsonov\u00e1 (SaS) Soro\u0161 je kon\u0161pir\u00e1cia [24.11.2020]\" width=\"790\" height=\"444\" src=\"https:\/\/www.youtube.com\/embed\/OzEuJVZJ65Y?feature=oembed\" frameborder=\"0\" allow=\"accelerometer; autoplay; clipboard-write; encrypted-media; gyroscope; picture-in-picture\" allowfullscreen><\/iframe>\n<\/div><figcaption class=\"wp-element-caption\">Autor: EU tv<\/figcaption><\/figure>\n\n\n\n<figure class=\"wp-block-embed is-type-video is-provider-youtube wp-block-embed-youtube wp-embed-aspect-16-9 wp-has-aspect-ratio\"><div class=\"wp-block-embed__wrapper\">\n<iframe loading=\"lazy\" title=\"Skuto\u010dne nebezpe\u010dn\u00e9 je odklada\u0165 o\u010dkovanie\" width=\"790\" height=\"444\" src=\"https:\/\/www.youtube.com\/embed\/ezGrqJLyePk?feature=oembed\" frameborder=\"0\" allow=\"accelerometer; autoplay; clipboard-write; encrypted-media; gyroscope; picture-in-picture\" allowfullscreen><\/iframe>\n<\/div><figcaption class=\"wp-element-caption\">Autor: Ministerstvo zdravotn\u00edctva Slovenskej republiky<\/figcaption><\/figure>\n\n\n\n<figure class=\"wp-block-embed is-type-video is-provider-youtube wp-block-embed-youtube wp-embed-aspect-16-9 wp-has-aspect-ratio\"><div class=\"wp-block-embed__wrapper\">\n<iframe loading=\"lazy\" title=\"Peter Sabaka v Trochu inak s Adelou\" width=\"790\" height=\"444\" src=\"https:\/\/www.youtube.com\/embed\/KKcUkGI_ZCs?feature=oembed\" frameborder=\"0\" allow=\"accelerometer; autoplay; clipboard-write; encrypted-media; gyroscope; picture-in-picture\" allowfullscreen><\/iframe>\n<\/div><figcaption class=\"wp-element-caption\">Autor: RTVSOfficial<\/figcaption><\/figure>\n\n\n\n<figure class=\"wp-block-embed is-type-video is-provider-youtube wp-block-embed-youtube wp-embed-aspect-16-9 wp-has-aspect-ratio\"><div class=\"wp-block-embed__wrapper\">\n<iframe loading=\"lazy\" title=\"Matovi\u010d chce zv\u00fd\u0161i\u0165 po\u010det testovan\u00fdch vzoriek na 3000 denne\" width=\"790\" height=\"444\" src=\"https:\/\/www.youtube.com\/embed\/BrbEBvMKk_s?feature=oembed\" frameborder=\"0\" allow=\"accelerometer; autoplay; clipboard-write; encrypted-media; gyroscope; picture-in-picture\" allowfullscreen><\/iframe>\n<\/div><figcaption class=\"wp-element-caption\">Autor: Netky Redakcia<\/figcaption><\/figure>\n\n\n\n<figure class=\"wp-block-embed is-type-video is-provider-youtube wp-block-embed-youtube wp-embed-aspect-16-9 wp-has-aspect-ratio\"><div class=\"wp-block-embed__wrapper\">\n<iframe loading=\"lazy\" title=\"Boj s koronav\u00edrusom: Zriadili sme permanentn\u00fd kr\u00edzov\u00fd \u0161t\u00e1b so \u0161pi\u010dkov\u00fdmi odborn\u00edkmi\" width=\"790\" height=\"444\" src=\"https:\/\/www.youtube.com\/embed\/0HBg26moY6U?feature=oembed\" frameborder=\"0\" allow=\"accelerometer; autoplay; clipboard-write; encrypted-media; gyroscope; picture-in-picture\" allowfullscreen><\/iframe>\n<\/div><figcaption class=\"wp-element-caption\">Autor: Igor Matovi\u010d<\/figcaption><\/figure>\n\n\n\n<figure class=\"wp-block-embed is-type-video is-provider-youtube wp-block-embed-youtube wp-embed-aspect-16-9 wp-has-aspect-ratio\"><div class=\"wp-block-embed__wrapper\">\n<iframe loading=\"lazy\" title=\".pod lampou o druhej vlne: \u010co v\u0161etko n\u00e1s teraz \u010dak\u00e1 a kedy sa to skon\u010d\u00ed?\" width=\"790\" height=\"444\" src=\"https:\/\/www.youtube.com\/embed\/eYNSsk2BR2E?feature=oembed\" frameborder=\"0\" allow=\"accelerometer; autoplay; clipboard-write; encrypted-media; gyroscope; picture-in-picture\" allowfullscreen><\/iframe>\n<\/div><figcaption class=\"wp-element-caption\">Autot: T\u00fd\u017ede\u0148<\/figcaption><\/figure>\n\n\n\n<figure class=\"wp-block-embed is-type-video is-provider-youtube wp-block-embed-youtube wp-embed-aspect-16-9 wp-has-aspect-ratio\"><div class=\"wp-block-embed__wrapper\">\n<iframe loading=\"lazy\" title=\"Jezuita Kr\u010dm\u00e9ry - O\u010dkovanie nem\u00e1 ved\u013eaj\u0161ie \u00fa\u010dinky, treba o\u010dkova\u0165 cel\u00fa E\u00da\" width=\"790\" height=\"444\" src=\"https:\/\/www.youtube.com\/embed\/RRutSeupmxA?feature=oembed\" frameborder=\"0\" allow=\"accelerometer; autoplay; clipboard-write; encrypted-media; gyroscope; picture-in-picture\" allowfullscreen><\/iframe>\n<\/div><figcaption class=\"wp-element-caption\">Autor: Ctislav Pribina<\/figcaption><\/figure>\n\n\n\n<figure class=\"wp-block-embed is-type-video is-provider-youtube wp-block-embed-youtube wp-embed-aspect-16-9 wp-has-aspect-ratio\"><div class=\"wp-block-embed__wrapper\">\n<iframe loading=\"lazy\" title=\"Lucia \u010e. Nicholsonov\u00e1: Pravda je nesmrte\u013en\u00e1\" width=\"790\" height=\"444\" src=\"https:\/\/www.youtube.com\/embed\/EBN7jPQj2wU?feature=oembed\" frameborder=\"0\" allow=\"accelerometer; autoplay; clipboard-write; encrypted-media; gyroscope; picture-in-picture\" allowfullscreen><\/iframe>\n<\/div><figcaption class=\"wp-element-caption\">Autor: Sloboda a Solidarita<\/figcaption><\/figure>\n\n\n\n<figure class=\"wp-block-embed is-type-video is-provider-youtube wp-block-embed-youtube wp-embed-aspect-16-9 wp-has-aspect-ratio\"><div class=\"wp-block-embed__wrapper\">\n<iframe loading=\"lazy\" title=\"Lek\u00e1r Sabaka: T\u00ed, \u010do z\u013eah\u010duj\u00fa koronu, ma ve\u013emi roz\u010du\u013euj\u00fa\" width=\"790\" height=\"444\" src=\"https:\/\/www.youtube.com\/embed\/HRXokVdOxYk?feature=oembed\" frameborder=\"0\" allow=\"accelerometer; autoplay; clipboard-write; encrypted-media; gyroscope; picture-in-picture\" allowfullscreen><\/iframe>\n<\/div><figcaption class=\"wp-element-caption\">Autor: SME<\/figcaption><\/figure>\n\n\n\n<figure class=\"wp-block-embed is-type-video is-provider-youtube wp-block-embed-youtube wp-embed-aspect-16-9 wp-has-aspect-ratio\"><div class=\"wp-block-embed__wrapper\">\n<iframe loading=\"lazy\" title=\"Orava a Bardejov na\u0301m uka\u0301z\u030cu, c\u030ci je testovanie zvla\u0301dnutel\u030cne, mysl\u00ed si vedec \u010cekan\" width=\"790\" height=\"444\" src=\"https:\/\/www.youtube.com\/embed\/GH1YRhBocIU?feature=oembed\" frameborder=\"0\" allow=\"accelerometer; autoplay; clipboard-write; encrypted-media; gyroscope; picture-in-picture\" allowfullscreen><\/iframe>\n<\/div><figcaption class=\"wp-element-caption\">Autor: SME<\/figcaption><\/figure>\n\n\n\n<figure class=\"wp-block-embed is-type-video is-provider-youtube wp-block-embed-youtube wp-embed-aspect-16-9 wp-has-aspect-ratio\"><div class=\"wp-block-embed__wrapper\">\n<iframe loading=\"lazy\" title=\"Nicholsonov\u00e1: D\u00fafala som, \u017ee Matovi\u010d vo funkcii premi\u00e9ra odlo\u017e\u00ed vz\u0165ahova\u010dnos\u0165 a nebude osobn\u00fd\" width=\"790\" height=\"444\" src=\"https:\/\/www.youtube.com\/embed\/G_IAt4WV8tA?feature=oembed\" frameborder=\"0\" allow=\"accelerometer; autoplay; clipboard-write; encrypted-media; gyroscope; picture-in-picture\" allowfullscreen><\/iframe>\n<\/div><figcaption class=\"wp-element-caption\">Autor: SME<\/figcaption><\/figure>\n\n\n\n<figure class=\"wp-block-embed is-type-video is-provider-youtube wp-block-embed-youtube wp-embed-aspect-16-9 wp-has-aspect-ratio\"><div class=\"wp-block-embed__wrapper\">\n<iframe loading=\"lazy\" title=\"TK - premi\u00e9ra P. Pellegriniho a hlavn\u00e9ho hygienika SR J\u00e1na Mikasa - 06.03.2020\" width=\"790\" height=\"444\" src=\"https:\/\/www.youtube.com\/embed\/ead7bGF8Vbw?feature=oembed\" frameborder=\"0\" allow=\"accelerometer; autoplay; clipboard-write; encrypted-media; gyroscope; picture-in-picture\" allowfullscreen><\/iframe>\n<\/div><figcaption class=\"wp-element-caption\">Autor: Peter Pellegrini<\/figcaption><\/figure>\n\n\n\n<figure class=\"wp-block-embed is-type-video is-provider-youtube wp-block-embed-youtube wp-embed-aspect-16-9 wp-has-aspect-ratio\"><div class=\"wp-block-embed__wrapper\">\n<iframe loading=\"lazy\" title=\"Portr\u00e9t vedca Pavla \u010cekana\" width=\"790\" height=\"444\" src=\"https:\/\/www.youtube.com\/embed\/qRlCzMQGuOs?feature=oembed\" frameborder=\"0\" allow=\"accelerometer; autoplay; clipboard-write; encrypted-media; gyroscope; picture-in-picture\" allowfullscreen><\/iframe>\n<\/div><figcaption class=\"wp-element-caption\">Autor: Telev\u00edzia TA3<\/figcaption><\/figure>\n\n\n\n<figure class=\"wp-block-embed is-type-video is-provider-youtube wp-block-embed-youtube wp-embed-aspect-16-9 wp-has-aspect-ratio\"><div class=\"wp-block-embed__wrapper\">\n<iframe loading=\"lazy\" title=\"Klinick\u00e1 \u0161t\u00fadia na Slov\u00e1koch\" width=\"790\" height=\"444\" src=\"https:\/\/www.youtube.com\/embed\/3yJ50FgM3Uc?start=16&#038;feature=oembed\" frameborder=\"0\" allow=\"accelerometer; autoplay; clipboard-write; encrypted-media; gyroscope; picture-in-picture\" allowfullscreen><\/iframe>\n<\/div><figcaption class=\"wp-element-caption\">EU tv<\/figcaption><\/figure>\n\n\n\n<figure class=\"wp-block-embed is-type-video is-provider-youtube wp-block-embed-youtube wp-embed-aspect-16-9 wp-has-aspect-ratio\"><div class=\"wp-block-embed__wrapper\">\n<iframe loading=\"lazy\" title=\"Lucia Nicholsonov\u00e1: Nie je to o Koll\u00e1rovi, mus\u00edme \u013eu\u010fom uk\u00e1za\u0165, \u017ee sme in\u00ed\" width=\"790\" height=\"444\" src=\"https:\/\/www.youtube.com\/embed\/2Rj-emcgqtA?feature=oembed\" frameborder=\"0\" allow=\"accelerometer; autoplay; clipboard-write; encrypted-media; gyroscope; picture-in-picture\" allowfullscreen><\/iframe>\n<\/div><figcaption class=\"wp-element-caption\">Autor: SME<\/figcaption><\/figure>\n\n\n\n<figure class=\"wp-block-embed is-type-video is-provider-youtube wp-block-embed-youtube wp-embed-aspect-16-9 wp-has-aspect-ratio\"><div class=\"wp-block-embed__wrapper\">\n<iframe loading=\"lazy\" title=\"Virol\u00f3g Klempa: Ved\u013eaj\u0161ie \u00fa\u010dinky m\u00e1 aj paralen. Vakc\u00edna na Covid-19 je bezpe\u010dn\u00e1\" width=\"790\" height=\"444\" src=\"https:\/\/www.youtube.com\/embed\/w3UxdrSY0jc?feature=oembed\" frameborder=\"0\" allow=\"accelerometer; autoplay; clipboard-write; encrypted-media; gyroscope; picture-in-picture\" allowfullscreen><\/iframe>\n<\/div><figcaption class=\"wp-element-caption\">Autor: SME<\/figcaption><\/figure>\n\n\n\n<figure class=\"wp-block-embed is-type-video is-provider-youtube wp-block-embed-youtube wp-embed-aspect-16-9 wp-has-aspect-ratio\"><div class=\"wp-block-embed__wrapper\">\n<iframe loading=\"lazy\" title=\"Na\u017eivo: Lucia \u010euri\u0161 Nicholsonov\u00e1 - Smr\u0165 z opla\u0161enia.\" width=\"790\" height=\"444\" src=\"https:\/\/www.youtube.com\/embed\/HpmWVob8cCk?feature=oembed\" frameborder=\"0\" allow=\"accelerometer; autoplay; clipboard-write; encrypted-media; gyroscope; picture-in-picture\" allowfullscreen><\/iframe>\n<\/div><figcaption class=\"wp-element-caption\">Autor: HNTelev\u00edzia<\/figcaption><\/figure>\n\n\n\n<figure class=\"wp-block-embed is-type-video is-provider-youtube wp-block-embed-youtube wp-embed-aspect-16-9 wp-has-aspect-ratio\"><div class=\"wp-block-embed__wrapper\">\n<iframe loading=\"lazy\" title=\"Bra\u0148o Z\u00e1vodsk\u00fd na\u017eivo: Lucia Nicholsonov\u00e1\" width=\"790\" height=\"444\" src=\"https:\/\/www.youtube.com\/embed\/ZdFpNt0LHrM?feature=oembed\" frameborder=\"0\" allow=\"accelerometer; autoplay; clipboard-write; encrypted-media; gyroscope; picture-in-picture\" allowfullscreen><\/iframe>\n<\/div><figcaption class=\"wp-element-caption\">Autor: Radio Expres<\/figcaption><\/figure>\n\n\n\n<p><\/p>\n","protected":false},"excerpt":{"rendered":"<p>Upozornenie: Pre m\u0148a (zatia\u013e) anonymn\u00fd\/\u00ed z\u00e1stupca\/ovia \u201eorganizovanej totality\u201c sa rozhodli, \u017ee odstr\u00e1nia niektor\u00e9 (moje) vide\u00e1 zo svojej platformy. Preto sa na tejto webovej str\u00e1nke nenach\u00e1dzaj\u00fa !!! Brut\u00e1lny a protipr\u00e1vny z\u00e1sah policajtov proti ob\u010danovi s barlou (invalidovi?) v Prievidzi na Slovensku : https:\/\/www.facebook.com\/harabinstefan\/videos\/322278119700828\/?t=4<\/p>\n","protected":false},"author":1,"featured_media":523,"comment_status":"open","ping_status":"open","sticky":false,"template":"","format":"standard","meta":{"footnotes":""},"categories":[4],"tags":[],"_links":{"self":[{"href":"https:\/\/www.silentseniors.eu\/index.php\/wp-json\/wp\/v2\/posts\/512"}],"collection":[{"href":"https:\/\/www.silentseniors.eu\/index.php\/wp-json\/wp\/v2\/posts"}],"about":[{"href":"https:\/\/www.silentseniors.eu\/index.php\/wp-json\/wp\/v2\/types\/post"}],"author":[{"embeddable":true,"href":"https:\/\/www.silentseniors.eu\/index.php\/wp-json\/wp\/v2\/users\/1"}],"replies":[{"embeddable":true,"href":"https:\/\/www.silentseniors.eu\/index.php\/wp-json\/wp\/v2\/comments?post=512"}],"version-history":[{"count":74,"href":"https:\/\/www.silentseniors.eu\/index.php\/wp-json\/wp\/v2\/posts\/512\/revisions"}],"predecessor-version":[{"id":4457,"href":"https:\/\/www.silentseniors.eu\/index.php\/wp-json\/wp\/v2\/posts\/512\/revisions\/4457"}],"wp:featuredmedia":[{"embeddable":true,"href":"https:\/\/www.silentseniors.eu\/index.php\/wp-json\/wp\/v2\/media\/523"}],"wp:attachment":[{"href":"https:\/\/www.silentseniors.eu\/index.php\/wp-json\/wp\/v2\/media?parent=512"}],"wp:term":[{"taxonomy":"category","embeddable":true,"href":"https:\/\/www.silentseniors.eu\/index.php\/wp-json\/wp\/v2\/categories?post=512"},{"taxonomy":"post_tag","embeddable":true,"href":"https:\/\/www.silentseniors.eu\/index.php\/wp-json\/wp\/v2\/tags?post=512"}],"curies":[{"name":"wp","href":"https:\/\/api.w.org\/{rel}","templated":true}]}}